{"id":33,"date":"2009-03-24T12:32:50","date_gmt":"2009-03-24T11:32:50","guid":{"rendered":"http:\/\/innovacion-docente.zeus.umh.es\/?p=33"},"modified":"2009-03-24T12:32:50","modified_gmt":"2009-03-24T11:32:50","slug":"17-cuieet","status":"publish","type":"post","link":"https:\/\/innovacion-docente.umh.es\/en\/2009\/03\/24\/17-cuieet\/","title":{"rendered":"17 CUIEET"},"content":{"rendered":"<p><a href=\"http:\/\/17cuieet.webs.upv.es\/\" target=\"_blank\">17CUIEET, <\/a>\u00a0el Congreso Universitario de Innovaci\u00f3n Educativa en las Ense\u00f1anzas T\u00e9cnicas se celebrar\u00e1 en Valencia del\u00a015 al 18 de septiembre de 2009.<\/p>\n<p style=\"text-align: justify\"><!--more--><\/p>\n<p style=\"text-align: justify\">Como en ediciones anteriores, nuestro objetivo es volver a lograr la participaci\u00f3n de todos los agentes implicados en el desarrollo de las ense\u00f1anzas t\u00e9cnicas: Profesorado, Colegios Profesionales, Empresas, Estudiantes y Personal de Administraci\u00f3n y Servicios.<\/p>\n<p>Esperamos que este 17 CUIEET sirva para consolidar un foro de intercambio y difusi\u00f3n de experiencias en el \u00e1mbito de las ense\u00f1anzas t\u00e9cnicas, que permita contribuir a mejorar el proceso de ense\u00f1anza-aprendizaje y la calidad de las titulaciones t\u00e9cnicas.<\/p>\n<p>Dada la muy cercana implementaci\u00f3n del sistema de formaci\u00f3n universitaria por ciclos conforme a los requerimientos del Espacio Europeo de Educaci\u00f3n Superior (EEES), en este 17 CUIEET cobrar\u00e1n de nuevo especial relevancia los temas relacionados con el dise\u00f1o e implantaci\u00f3n de nuevas titulaciones de Ingenier\u00eda adaptadas al EEES. En este contexto, poseen gran trascendencia las tem\u00e1ticas relacionadas con la innovaci\u00f3n educativa y la incorporaci\u00f3n de nuevas tecnolog\u00edas a la docencia, las cuales se abordar\u00e1n nuevamente en esta edici\u00f3n del CUIEET.<\/p>\n<p>Todo ello, considerando adem\u00e1s aspectos fundamentales en las ense\u00f1anzas t\u00e9cnicas como la vinculaci\u00f3n universidad-empresa, las relaciones universidad-sociedad, las relaciones internacionales, la calidad y la sostenibilidad, entre otros.<\/p>\n<p>El programa contar\u00e1 asimismo con Conferencias plenarias a cargo de personalidades relevantes y Mesas Redondas acerca de temas de inter\u00e9s en las ense\u00f1anzas t\u00e9cnicas.<\/p>\n<p>En paralelo con el programa t\u00e9cnico, se est\u00e1 organizando un programa cultural que permitir\u00e1 conocer a todos los participantes y acompa\u00f1antes, los lugares m\u00e1s emblem\u00e1ticos de la ciudad de Valencia, acerc\u00e1ndonos a todos a su historia, cultura y tradici\u00f3n.<\/p>\n","protected":false},"excerpt":{"rendered":"<p>17CUIEET, \u00a0el Congreso Universitario de Innovaci\u00f3n Educativa en las Ense\u00f1anzas T\u00e9cnicas se celebrar\u00e1 en Valencia del\u00a015 al 18 de septiembre de 2009.<\/p>\n<p>Como en ediciones anteriores, nuestro objetivo es volver a lograr la participaci\u00f3n de todos los agentes implicados en el desarrollo de las ense\u00f1anzas t\u00e9cnicas: Profesorado, Colegios Profesionales, Empresas, Estudiantes y Personal de Administraci\u00f3n y [&#8230;]<\/p>\n","protected":false},"author":191,"featured_media":0,"comment_status":"open","ping_status":"open","sticky":false,"template":"","format":"standard","meta":{"_links_to":"","_links_to_target":""},"categories":[873],"tags":[],"_links":{"self":[{"href":"https:\/\/innovacion-docente.umh.es\/en\/wp-json\/wp\/v2\/posts\/33"}],"collection":[{"href":"https:\/\/innovacion-docente.umh.es\/en\/wp-json\/wp\/v2\/posts"}],"about":[{"href":"https:\/\/innovacion-docente.umh.es\/en\/wp-json\/wp\/v2\/types\/post"}],"author":[{"embeddable":true,"href":"https:\/\/innovacion-docente.umh.es\/en\/wp-json\/wp\/v2\/users\/191"}],"replies":[{"embeddable":true,"href":"https:\/\/innovacion-docente.umh.es\/en\/wp-json\/wp\/v2\/comments?post=33"}],"version-history":[{"count":0,"href":"https:\/\/innovacion-docente.umh.es\/en\/wp-json\/wp\/v2\/posts\/33\/revisions"}],"wp:attachment":[{"href":"https:\/\/innovacion-docente.umh.es\/en\/wp-json\/wp\/v2\/media?parent=33"}],"wp:term":[{"taxonomy":"category","embeddable":true,"href":"https:\/\/innovacion-docente.umh.es\/en\/wp-json\/wp\/v2\/categories?post=33"},{"taxonomy":"post_tag","embeddable":true,"href":"https:\/\/innovacion-docente.umh.es\/en\/wp-json\/wp\/v2\/tags?post=33"}],"curies":[{"name":"wp","href":"https:\/\/api.w.org\/{rel}","templated":true}]}}