{"id":252,"date":"2010-06-10T10:06:26","date_gmt":"2010-06-10T09:06:26","guid":{"rendered":"http:\/\/innovacion-docente.zeus.umh.es\/?p=252"},"modified":"2010-06-10T10:06:26","modified_gmt":"2010-06-10T09:06:26","slug":"vi-cidui-congreso-internacional-de-docencia-universitaria-e-innovacion-cambio-en-la-cultura-docente-universitaria","status":"publish","type":"post","link":"https:\/\/innovacion-docente.umh.es\/en\/2010\/06\/10\/vi-cidui-congreso-internacional-de-docencia-universitaria-e-innovacion-cambio-en-la-cultura-docente-universitaria\/","title":{"rendered":"VI CIDUI: Congreso Internacional de Docencia Universitaria e Innovaci\u00f3n (Cambio en la Cultura docente universitaria)"},"content":{"rendered":"<p><a href=\"https:\/\/innovacion-docente.umh.es\/files\/2010\/06\/fechas-de-interes.jpg\"><\/a><a href=\"http:\/\/cidui.upc.edu\/cast\/index.html\" target=\"_blank\"><img loading=\"lazy\" class=\"alignnone size-medium wp-image-309\" src=\"https:\/\/innovacion-docente.umh.es\/files\/2010\/05\/cidui.jpg\" alt=\"\" width=\"257\" height=\"147\" \/><\/a><\/p>\n<p>Este Congreso se realizar\u00e1 en la <a href=\"http:\/\/www.upc.edu\/\" target=\"_blank\">Universidad Polit\u00e9cnica de Catalunya <\/a>y dar\u00e1 comienzo el 30 de junio y finalizar\u00e1 el 2 de julio de 2010.<\/p>\n<p><strong><a href=\"http:\/\/cidui.upc.edu\/cast\/index.html\"><\/a><\/strong><\/p>\n<p><a href=\"https:\/\/innovacion-docente.umh.es\/files\/2010\/06\/fechas-de-interes.jpg\"><img loading=\"lazy\" class=\"alignnone size-full wp-image-327\" src=\"https:\/\/innovacion-docente.umh.es\/files\/2010\/06\/fechas-de-interes.jpg\" alt=\"\" width=\"632\" height=\"183\" \/><\/a><\/p>\n","protected":false},"excerpt":{"rendered":"<p>Este Congreso se realizar\u00e1 en la Universidad Polit\u00e9cnica de Catalunya y dar\u00e1 comienzo el 30 de junio y finalizar\u00e1 el 2 de julio de 2010.<\/p>\n","protected":false},"author":508,"featured_media":0,"comment_status":"open","ping_status":"open","sticky":false,"template":"","format":"standard","meta":{"_links_to":"","_links_to_target":""},"categories":[873],"tags":[188,1529,222,635],"_links":{"self":[{"href":"https:\/\/innovacion-docente.umh.es\/en\/wp-json\/wp\/v2\/posts\/252"}],"collection":[{"href":"https:\/\/innovacion-docente.umh.es\/en\/wp-json\/wp\/v2\/posts"}],"about":[{"href":"https:\/\/innovacion-docente.umh.es\/en\/wp-json\/wp\/v2\/types\/post"}],"author":[{"embeddable":true,"href":"https:\/\/innovacion-docente.umh.es\/en\/wp-json\/wp\/v2\/users\/508"}],"replies":[{"embeddable":true,"href":"https:\/\/innovacion-docente.umh.es\/en\/wp-json\/wp\/v2\/comments?post=252"}],"version-history":[{"count":0,"href":"https:\/\/innovacion-docente.umh.es\/en\/wp-json\/wp\/v2\/posts\/252\/revisions"}],"wp:attachment":[{"href":"https:\/\/innovacion-docente.umh.es\/en\/wp-json\/wp\/v2\/media?parent=252"}],"wp:term":[{"taxonomy":"category","embeddable":true,"href":"https:\/\/innovacion-docente.umh.es\/en\/wp-json\/wp\/v2\/categories?post=252"},{"taxonomy":"post_tag","embeddable":true,"href":"https:\/\/innovacion-docente.umh.es\/en\/wp-json\/wp\/v2\/tags?post=252"}],"curies":[{"name":"wp","href":"https:\/\/api.w.org\/{rel}","templated":true}]}}