{"id":447,"date":"2012-01-16T10:43:02","date_gmt":"2012-01-16T09:43:02","guid":{"rendered":"http:\/\/innovacion-docente.zeus.umh.es\/?p=447"},"modified":"2012-01-16T10:43:02","modified_gmt":"2012-01-16T09:43:02","slug":"ix-foro-de-evaluacion-de-la-calidad","status":"publish","type":"post","link":"https:\/\/innovacion-docente.umh.es\/ca\/2012\/01\/16\/ix-foro-de-evaluacion-de-la-calidad\/","title":{"rendered":"IX Foro de Evaluaci\u00f3n de la Calidad"},"content":{"rendered":"<p>El <a href=\"http:\/\/www.ugr.es\/~aepc\/IXFORO\/presentacion.html\" target=\"_blank\">IX Foro de Evaluaci\u00f3n de la Calidad de la Investigaci\u00f3n y la Educaci\u00f3n Superior <\/a>se celebrar\u00e1 en Santiago de Compostela del 12 al 15 de junio de 2012.<\/p>\n<p>El plazo para la <a href=\"http:\/\/www.ugr.es\/~aepc\/IXFORO\/presentaciontrabajos.html\" target=\"_blank\">presentaci\u00f3n de trabajos<\/a> finaliza el 30 de marzo de 2012.<br \/>\n<!--more--><big><span><span> El Foro pretende cubrir una oferta de formaci\u00f3n especializada seg\u00fan los siguientes objetivos<\/span>:<\/span><\/big><span> <\/span><\/p>\n<ul>\n<li><big>Conocer la nueva organizaci\u00f3n de las ense\u00f1anzas universitarias.<\/big><\/li>\n<li><big>Analizar y debatir sobre la selecci\u00f3n del profesorado contratado y funcionario.<\/big><\/li>\n<li><big>Conocer y debatir sobre la situaci\u00f3n del doctorado en Espa\u00f1a y la Uni\u00f3n Europea<\/big><\/li>\n<li><big>Puesta al d\u00eda de la situaci\u00f3n actual del proceso de Convergencia Europea en Espa\u00f1a y la Uni\u00f3n Europea.<\/big><\/li>\n<li><big>Conocer los distintos planes que tienen las universidades espa\u00f1olas para potenciar la investigaci\u00f3n, la calidad y la Convergencia Europea.<\/big><\/li>\n<li><big>Conocer las distintas herramientas para evaluar la calidad de la investigaci\u00f3n cient\u00edfica.<\/big><\/li>\n<\/ul>\n","protected":false},"excerpt":{"rendered":"<p>El IX Foro de Evaluaci\u00f3n de la Calidad de la Investigaci\u00f3n y la Educaci\u00f3n Superior se celebrar\u00e1 en Santiago de Compostela del 12 al 15 de junio de 2012.<br \/>\nEl plazo para la presentaci\u00f3n de trabajos finaliza el 30 de marzo de 2012.<br \/>\n El Foro pretende cubrir una oferta de formaci\u00f3n especializada seg\u00fan los siguientes objetivos: [&#8230;]<\/p>\n","protected":false},"author":191,"featured_media":0,"comment_status":"open","ping_status":"open","sticky":false,"template":"","format":"standard","meta":{"_links_to":"","_links_to_target":""},"categories":[2319,873],"tags":[7139],"_links":{"self":[{"href":"https:\/\/innovacion-docente.umh.es\/ca\/wp-json\/wp\/v2\/posts\/447"}],"collection":[{"href":"https:\/\/innovacion-docente.umh.es\/ca\/wp-json\/wp\/v2\/posts"}],"about":[{"href":"https:\/\/innovacion-docente.umh.es\/ca\/wp-json\/wp\/v2\/types\/post"}],"author":[{"embeddable":true,"href":"https:\/\/innovacion-docente.umh.es\/ca\/wp-json\/wp\/v2\/users\/191"}],"replies":[{"embeddable":true,"href":"https:\/\/innovacion-docente.umh.es\/ca\/wp-json\/wp\/v2\/comments?post=447"}],"version-history":[{"count":0,"href":"https:\/\/innovacion-docente.umh.es\/ca\/wp-json\/wp\/v2\/posts\/447\/revisions"}],"wp:attachment":[{"href":"https:\/\/innovacion-docente.umh.es\/ca\/wp-json\/wp\/v2\/media?parent=447"}],"wp:term":[{"taxonomy":"category","embeddable":true,"href":"https:\/\/innovacion-docente.umh.es\/ca\/wp-json\/wp\/v2\/categories?post=447"},{"taxonomy":"post_tag","embeddable":true,"href":"https:\/\/innovacion-docente.umh.es\/ca\/wp-json\/wp\/v2\/tags?post=447"}],"curies":[{"name":"wp","href":"https:\/\/api.w.org\/{rel}","templated":true}]}}