{"id":31,"date":"2009-03-24T12:08:55","date_gmt":"2009-03-24T11:08:55","guid":{"rendered":"http:\/\/innovacion-docente.zeus.umh.es\/?p=31"},"modified":"2009-03-24T12:08:55","modified_gmt":"2009-03-24T11:08:55","slug":"edulearn09","status":"publish","type":"post","link":"https:\/\/innovacion-docente.umh.es\/ca\/2009\/03\/24\/edulearn09\/","title":{"rendered":"Edulearn09"},"content":{"rendered":"<p style=\"text-align: justify\"><a href=\"http:\/\/www.iated.org\/edulearn09\/\" target=\"_blank\">Edulearn09<\/a>,\u00a0\u00a0la conferencia internacional en Educaci\u00f3n y Nuevas tecnolog\u00edas de Aprendizaje se celebrar\u00e1 en Barcelona del 6 al 8 de julio de 2009.<\/p>\n<p style=\"text-align: justify\"><!--more--><\/p>\n<p style=\"text-align: justify\">El objetivo general de EDULEARN09 es la promoci\u00f3n de la colaboraci\u00f3n internacional en el campo de la educaci\u00f3n, la tecnolog\u00eda y el desarrollo, dirigido a investigadores, profesores, cient\u00edficos y profesionales de la Educaci\u00f3n.<\/p>\n<p style=\"text-align: justify\">Esta Conferencia Internacional de Educaci\u00f3n y Nuevas Tecnolog\u00edas de Aprendizajeser\u00e1 una excelente oportunidad para presentar y plantear todas las cuestiones relativas a nuevos proyectos de investigaci\u00f3n, nuevas tendencias en la educaci\u00f3n y \u00faltimas innovaciones en el campo tecnol\u00f3gico.<\/p>\n<p>La fecha l\u00edmite para entrega de art\u00edculos (abstracts) es el 1 de Abril de 2009.<\/p>\n","protected":false},"excerpt":{"rendered":"<p>Edulearn09,\u00a0\u00a0la conferencia internacional en Educaci\u00f3n y Nuevas tecnolog\u00edas de Aprendizaje se celebrar\u00e1 en Barcelona del 6 al 8 de julio de 2009.<\/p>\n<p>El objetivo general de EDULEARN09 es la promoci\u00f3n de la colaboraci\u00f3n internacional en el campo de la educaci\u00f3n, la tecnolog\u00eda y el desarrollo, dirigido a investigadores, profesores, cient\u00edficos y profesionales de la Educaci\u00f3n.<br \/>\nEsta Conferencia [&#8230;]<\/p>\n","protected":false},"author":191,"featured_media":0,"comment_status":"open","ping_status":"open","sticky":false,"template":"","format":"standard","meta":{"_links_to":"","_links_to_target":""},"categories":[873],"tags":[],"_links":{"self":[{"href":"https:\/\/innovacion-docente.umh.es\/ca\/wp-json\/wp\/v2\/posts\/31"}],"collection":[{"href":"https:\/\/innovacion-docente.umh.es\/ca\/wp-json\/wp\/v2\/posts"}],"about":[{"href":"https:\/\/innovacion-docente.umh.es\/ca\/wp-json\/wp\/v2\/types\/post"}],"author":[{"embeddable":true,"href":"https:\/\/innovacion-docente.umh.es\/ca\/wp-json\/wp\/v2\/users\/191"}],"replies":[{"embeddable":true,"href":"https:\/\/innovacion-docente.umh.es\/ca\/wp-json\/wp\/v2\/comments?post=31"}],"version-history":[{"count":0,"href":"https:\/\/innovacion-docente.umh.es\/ca\/wp-json\/wp\/v2\/posts\/31\/revisions"}],"wp:attachment":[{"href":"https:\/\/innovacion-docente.umh.es\/ca\/wp-json\/wp\/v2\/media?parent=31"}],"wp:term":[{"taxonomy":"category","embeddable":true,"href":"https:\/\/innovacion-docente.umh.es\/ca\/wp-json\/wp\/v2\/categories?post=31"},{"taxonomy":"post_tag","embeddable":true,"href":"https:\/\/innovacion-docente.umh.es\/ca\/wp-json\/wp\/v2\/tags?post=31"}],"curies":[{"name":"wp","href":"https:\/\/api.w.org\/{rel}","templated":true}]}}