{"id":134,"date":"2009-11-25T12:47:13","date_gmt":"2009-11-25T11:47:13","guid":{"rendered":"http:\/\/innovacion-docente.zeus.umh.es\/?p=134"},"modified":"2009-11-25T12:47:13","modified_gmt":"2009-11-25T11:47:13","slug":"innovadoc-umh09","status":"publish","type":"post","link":"https:\/\/innovacion-docente.umh.es\/ca\/2009\/11\/25\/innovadoc-umh09\/","title":{"rendered":"Primeras Jornadas de Innovaci\u00f3n Docente en la UMH"},"content":{"rendered":"<p class=\"MsoBodyText3\" style=\"margin: 0cm 0cm 6pt;text-align: justify\"><span>Las <a href=\"https:\/\/innovacion-docente.umh.es\/files\/2009\/11\/innovacion-docente-umh09.pdf\" target=\"_blank\">Primeras Jornadas de Innovacion Docente en la UMH<\/a> se celebrar\u00e1n\u00a0en Elche el d\u00eda 9 de diciembre de 2009 en el Aula 0.1 del <span class=\"spelle\">Edificio Altabix,<\/span> de 9:30 a 15:00h.<\/span><\/p>\n<p class=\"MsoBodyText3\" style=\"margin: 0cm 0cm 6pt;text-align: justify\"><span>Estas Jornadas est\u00e1n dirigidas a todo el PDI de la UMH y\u00a0tienen como objetivo motivar un punto de reflexi\u00f3n sobre lo que es e implica la innovaci\u00f3n docente,\u00a0 sobre la necesidad de incorporar avances tecnol\u00f3gicos y <span class=\"spelle\">m\u00e9todol\u00f3gicos<\/span> provechosos en la docencia, dar valor a la generaci\u00f3n de contenidos acad\u00e9micos multimedia y reutilizables, y debatir sobre la <span class=\"spelle\">mentor\u00eda<\/span> acad\u00e9mica. <!--more--><\/span><span>Asistir\u00e1n como invitados a las jornadas, referentes nacionales e internacionales en innovaci\u00f3n docente, uso de <span class=\"spelle\">TICs<\/span> en docencia, generaci\u00f3n de contenidos acad\u00e9micos, formaci\u00f3n de profesorado y <span class=\"spelle\">tutorizaci\u00f3n<\/span> universitaria.<\/span><\/p>\n<p class=\"MsoBodyText3\" style=\"margin: 0cm 0cm 6pt;text-align: justify\"><span>Se presentar\u00e1n adem\u00e1s, las experiencias en innovaci\u00f3n premiadas por el Consejo Social de la UMH y los recursos docentes y acciones de innovaci\u00f3n programadas para 2010.<\/span><\/p>\n<p class=\"MsoBodyText3\" style=\"margin: 0cm 0cm 6pt;text-align: justify\"><span>La inscripci\u00f3n es gratuita y ha de realizarse antes de las 24:00h del d\u00eda 3 de diciembre, a trav\u00e9s del enlace <a href=\"http:\/\/www.umh.es\/fpogestion\/aspx\/Preinscripcion\/Preinscripcion.aspx\" target=\"_blank\">INSCRIPCI\u00d3N<\/a>, especificando: <\/span><\/p>\n<p class=\"MsoBodyText3\" style=\"margin: 0cm 0cm 6pt;text-align: justify\"><span>Tipo de ense\u00f1anza: JORNADAS<br \/>\n<\/span><span>Ense\u00f1anza: Innovaci\u00f3n Docente 2009<\/span><\/p>\n<p class=\"msoorganizationname2\" style=\"margin: 0cm 0cm 0pt;text-align: justify\"><span><span style=\"color: #000000\">A todos los asistentes inscritos se les emitir\u00e1, una vez finalizadas las Jornadas, un certificado de asistencia a las mismas. <\/span><\/span><\/p>\n","protected":false},"excerpt":{"rendered":"<p>Las Primeras Jornadas de Innovacion Docente en la UMH se celebrar\u00e1n\u00a0en Elche el d\u00eda 9 de diciembre de 2009 en el Aula 0.1 del Edificio Altabix, de 9:30 a 15:00h.<br \/>\nEstas Jornadas est\u00e1n dirigidas a todo el PDI de la UMH y\u00a0tienen como objetivo motivar un punto de reflexi\u00f3n sobre lo que es e implica la [&#8230;]<\/p>\n","protected":false},"author":191,"featured_media":0,"comment_status":"open","ping_status":"open","sticky":false,"template":"","format":"standard","meta":{"_links_to":"","_links_to_target":""},"categories":[873],"tags":[222,255],"_links":{"self":[{"href":"https:\/\/innovacion-docente.umh.es\/ca\/wp-json\/wp\/v2\/posts\/134"}],"collection":[{"href":"https:\/\/innovacion-docente.umh.es\/ca\/wp-json\/wp\/v2\/posts"}],"about":[{"href":"https:\/\/innovacion-docente.umh.es\/ca\/wp-json\/wp\/v2\/types\/post"}],"author":[{"embeddable":true,"href":"https:\/\/innovacion-docente.umh.es\/ca\/wp-json\/wp\/v2\/users\/191"}],"replies":[{"embeddable":true,"href":"https:\/\/innovacion-docente.umh.es\/ca\/wp-json\/wp\/v2\/comments?post=134"}],"version-history":[{"count":0,"href":"https:\/\/innovacion-docente.umh.es\/ca\/wp-json\/wp\/v2\/posts\/134\/revisions"}],"wp:attachment":[{"href":"https:\/\/innovacion-docente.umh.es\/ca\/wp-json\/wp\/v2\/media?parent=134"}],"wp:term":[{"taxonomy":"category","embeddable":true,"href":"https:\/\/innovacion-docente.umh.es\/ca\/wp-json\/wp\/v2\/categories?post=134"},{"taxonomy":"post_tag","embeddable":true,"href":"https:\/\/innovacion-docente.umh.es\/ca\/wp-json\/wp\/v2\/tags?post=134"}],"curies":[{"name":"wp","href":"https:\/\/api.w.org\/{rel}","templated":true}]}}